{"id":1634,"date":"2025-11-28T13:47:30","date_gmt":"2025-11-28T12:47:30","guid":{"rendered":"https:\/\/atellet.se\/?p=1634"},"modified":"2026-02-18T11:15:38","modified_gmt":"2026-02-18T10:15:38","slug":"alla-hjartans-dag","status":"publish","type":"post","link":"https:\/\/atellet.se\/en\/alla-hjartans-dag\/","title":{"rendered":"Valentine's Day"},"content":{"rendered":"<hr class=\"wp-block-separator has-alpha-channel-opacity\"\/>\n\n\n\n<h1 class=\"wp-block-heading\" id=\"alla-hjartans-dag-pa-atellet\"><strong>Alla hj\u00e4rtans dag p\u00e5 \u00c5tellet<\/strong><\/h1>\n\n\n\n<p>Alla hj\u00e4rtans dag \u00e4r den perfekta chansen att pausa vardagen och ge lite extra uppm\u00e4rksamhet till n\u00e5gon du tycker om. Det beh\u00f6ver inte vara storslaget, ibland \u00e4r det de sm\u00e5 gesterna som betyder mest. <\/p>\n\n\n\n<p>Oavsett om du firar tillsammans med din partner, en n\u00e4ra v\u00e4n eller unnar dig sj\u00e4lv en stunds romantisk egentid, \u00e4r v\u00e5rt Alla hj\u00e4rtans dag-paket skapat f\u00f6r att ge er en minnesv\u00e4rd upplevelse.<\/p>\n\n\n\n<hr class=\"wp-block-separator has-alpha-channel-opacity\"\/>\n\n\n\n<h3 class=\"wp-block-heading\" id=\"vad-som-ingar-i-paketet\"><strong>Vad som ing\u00e5r i paketet<\/strong><\/h3>\n\n\n\n<p>Morgonrock &amp; tofflor<\/p>\n\n\n\n<p>Bubbel &amp; chokladtryffel<\/p>\n\n\n\n<p>Tre r\u00e4tters middag<\/p>\n\n\n\n<p>Breakfast buffet<\/p>\n\n\n\n<hr class=\"wp-block-separator has-alpha-channel-opacity\"\/>\n\n\n\n<p>Pris fr\u00e5n 1 747 kr per person.<\/p>\n\n\n\n<p>Vid bokning, v\u00e4nligen meddela hotellet vilken tid ni \u00f6nskar \u00e4ta middag.<\/p>\n\n\n\n<hr class=\"wp-block-separator has-alpha-channel-opacity\"\/>\n\n\n\n<p><strong>Boka ditt Alla hj\u00e4rtans dag-paket idag p\u00e5 <\/strong><\/p>\n\n\n\n<p><strong>atellet.se<\/strong><\/p>\n\n\n\n<p><strong>Telefon:<\/strong>\u00a00176-700 450<\/p>\n\n\n\n<p><strong>E-post:<\/strong>\u00a0info@atellet.se <\/p>\n\n\n\n<hr class=\"wp-block-separator has-alpha-channel-opacity\"\/>\n\n\n\n<p><\/p>","protected":false},"excerpt":{"rendered":"<p>Alla hj\u00e4rtans dag p\u00e5 \u00c5tellet Alla hj\u00e4rtans dag \u00e4r den perfekta chansen att pausa vardagen och ge lite extra uppm\u00e4rksamhet till n\u00e5gon du tycker om. Det beh\u00f6ver inte vara storslaget, ibland \u00e4r det de sm\u00e5 gesterna som betyder mest. Oavsett om du firar tillsammans med din partner, en n\u00e4ra v\u00e4n eller unnar dig sj\u00e4lv en [&hellip;]<\/p>\n","protected":false},"author":1,"featured_media":1643,"comment_status":"closed","ping_status":"closed","sticky":false,"template":"","format":"standard","meta":{"_gspb_post_css":"","greyd_block_editor_preview":[],"iawp_total_views":933,"footnotes":""},"categories":[1],"tags":[],"class_list":["post-1634","post","type-post","status-publish","format-standard","has-post-thumbnail","hentry","category-uncategorized"],"_links":{"self":[{"href":"https:\/\/atellet.se\/en\/wp-json\/wp\/v2\/posts\/1634","targetHints":{"allow":["GET"]}}],"collection":[{"href":"https:\/\/atellet.se\/en\/wp-json\/wp\/v2\/posts"}],"about":[{"href":"https:\/\/atellet.se\/en\/wp-json\/wp\/v2\/types\/post"}],"author":[{"embeddable":true,"href":"https:\/\/atellet.se\/en\/wp-json\/wp\/v2\/users\/1"}],"replies":[{"embeddable":true,"href":"https:\/\/atellet.se\/en\/wp-json\/wp\/v2\/comments?post=1634"}],"version-history":[{"count":0,"href":"https:\/\/atellet.se\/en\/wp-json\/wp\/v2\/posts\/1634\/revisions"}],"wp:featuredmedia":[{"embeddable":true,"href":"https:\/\/atellet.se\/en\/wp-json\/wp\/v2\/media\/1643"}],"wp:attachment":[{"href":"https:\/\/atellet.se\/en\/wp-json\/wp\/v2\/media?parent=1634"}],"wp:term":[{"taxonomy":"category","embeddable":true,"href":"https:\/\/atellet.se\/en\/wp-json\/wp\/v2\/categories?post=1634"},{"taxonomy":"post_tag","embeddable":true,"href":"https:\/\/atellet.se\/en\/wp-json\/wp\/v2\/tags?post=1634"}],"curies":[{"name":"wp","href":"https:\/\/api.w.org\/{rel}","templated":true}]}}