{"id":2000,"date":"2026-04-30T09:35:06","date_gmt":"2026-04-30T07:35:06","guid":{"rendered":"https:\/\/atellet.se\/?p=2000"},"modified":"2026-04-30T09:47:18","modified_gmt":"2026-04-30T07:47:18","slug":"cykelpaket","status":"publish","type":"post","link":"https:\/\/atellet.se\/en\/cykelpaket\/","title":{"rendered":"Cykelpaket"},"content":{"rendered":"<p>Upplev Roslagens kust, skogar och pittoreska fiskel\u00e4gen i eget tempo. Det h\u00e4r paketet kombinerar frihet p\u00e5 cykeln med \u00c5tellets v\u00e4lkomnande \u2014 god mat, bekv\u00e4ma s\u00e4ngar och en fikakorg n\u00e4r du beh\u00f6ver den som mest.<\/p>\n\n\n\n<p>Paketet g\u00e4ller 4 maj\u201330 september och kr\u00e4ver minst tv\u00e5 n\u00e4tters boende.<\/p>\n\n\n\n<p><strong>Included:<\/strong><\/p>\n\n\n\n<ul class=\"wp-block-list\">\n<li>Tv\u00e5 n\u00e4tter p\u00e5 \u00c5tellet<\/li>\n\n\n\n<li>Frukost b\u00e5da morgnarna<\/li>\n\n\n\n<li>Tv\u00e5r\u00e4tters middag p\u00e5 \u00c5tellets restaurang (dag 1, dryck tillkommer)<\/li>\n\n\n\n<li>Tv\u00e5r\u00e4tters middag p\u00e5 Den Gyllene R\u00e4ven (dag 2, dryck tillkommer)<\/li>\n\n\n\n<li>Fikakorg med kaffe, hembakat och frukt \u2014 perfekt f\u00f6r pausen l\u00e4ngs leden (dag 2)<\/li>\n\n\n\n<li>Digitala GPX-filer med utvalda cykelleder i Roslagen<\/li>\n<\/ul>\n\n\n\n<p><strong>Tillval:<\/strong><\/p>\n\n\n\n<ul class=\"wp-block-list\">\n<li>Hyrcykel med 7 v\u00e4xlar och cykelkorg: 350 kr\/dag<\/li>\n\n\n\n<li>Lunchkorg att ta med p\u00e5 turen: 200 kr\/person<\/li>\n\n\n\n<li>Extra n\u00e4tter: 700 kr\/person\/natt (dubbelrum)<\/li>\n\n\n\n<li>Bastu med chark, dryck, morgonrock och handduk: 290 kr\/person<\/li>\n<\/ul>\n\n\n\n<p><strong>Pris:<\/strong> Fr\u00e5n 2 600 kr\/person (delat dubbelrum) \u00b7 3 400 kr (enkelrum)<\/p>","protected":false},"excerpt":{"rendered":"<p>Upplev Roslagens kust, skogar och pittoreska fiskel\u00e4gen i eget tempo. Det h\u00e4r paketet kombinerar frihet p\u00e5 cykeln med \u00c5tellets v\u00e4lkomnande \u2014 god mat, bekv\u00e4ma s\u00e4ngar och en fikakorg n\u00e4r du beh\u00f6ver den som mest. Paketet g\u00e4ller 4 maj\u201330 september och kr\u00e4ver minst tv\u00e5 n\u00e4tters boende. Ing\u00e5r: Tillval: Pris: Fr\u00e5n 2 600 kr\/person (delat dubbelrum) \u00b7 [&hellip;]<\/p>\n","protected":false},"author":1,"featured_media":2003,"comment_status":"closed","ping_status":"closed","sticky":false,"template":"","format":"standard","meta":{"_gspb_post_css":"","greyd_block_editor_preview":[],"iawp_total_views":1,"footnotes":""},"categories":[17,18],"tags":[],"class_list":["post-2000","post","type-post","status-publish","format-standard","has-post-thumbnail","hentry","category-erbjudanden","category-erbjudanden-aktiva"],"_links":{"self":[{"href":"https:\/\/atellet.se\/en\/wp-json\/wp\/v2\/posts\/2000","targetHints":{"allow":["GET"]}}],"collection":[{"href":"https:\/\/atellet.se\/en\/wp-json\/wp\/v2\/posts"}],"about":[{"href":"https:\/\/atellet.se\/en\/wp-json\/wp\/v2\/types\/post"}],"author":[{"embeddable":true,"href":"https:\/\/atellet.se\/en\/wp-json\/wp\/v2\/users\/1"}],"replies":[{"embeddable":true,"href":"https:\/\/atellet.se\/en\/wp-json\/wp\/v2\/comments?post=2000"}],"version-history":[{"count":0,"href":"https:\/\/atellet.se\/en\/wp-json\/wp\/v2\/posts\/2000\/revisions"}],"wp:featuredmedia":[{"embeddable":true,"href":"https:\/\/atellet.se\/en\/wp-json\/wp\/v2\/media\/2003"}],"wp:attachment":[{"href":"https:\/\/atellet.se\/en\/wp-json\/wp\/v2\/media?parent=2000"}],"wp:term":[{"taxonomy":"category","embeddable":true,"href":"https:\/\/atellet.se\/en\/wp-json\/wp\/v2\/categories?post=2000"},{"taxonomy":"post_tag","embeddable":true,"href":"https:\/\/atellet.se\/en\/wp-json\/wp\/v2\/tags?post=2000"}],"curies":[{"name":"wp","href":"https:\/\/api.w.org\/{rel}","templated":true}]}}